{"id":822,"date":"2021-02-02T15:24:50","date_gmt":"2021-02-02T13:24:50","guid":{"rendered":"http:\/\/kaunastau.lt\/?p=822"},"modified":"2021-05-04T16:18:54","modified_gmt":"2021-05-04T14:18:54","slug":"alumni-desimtmeciui-artejant","status":"publish","type":"post","link":"https:\/\/kaunastau.lt\/index.php\/2021\/02\/02\/alumni-desimtmeciui-artejant\/","title":{"rendered":"ALUMNI  klubo de\u0161imtme\u010diui art\u0117jant"},"content":{"rendered":"\n<div class=\"wp-block-group\"><div class=\"wp-block-group__inner-container is-layout-flow wp-block-group-is-layout-flow\">\n<div class=\"wp-block-group\"><div class=\"wp-block-group__inner-container is-layout-flow wp-block-group-is-layout-flow\">\n<div class=\"wp-block-columns is-layout-flex wp-container-core-columns-is-layout-9d6595d7 wp-block-columns-is-layout-flex\">\n<div class=\"wp-block-column is-layout-flow wp-block-column-is-layout-flow\" style=\"flex-basis:100%\">\n<p>2021-05-04<\/p>\n\n\n\n<p><strong><em>2018-2020 metais klube jau 30-mt nari\u0173.<\/em><\/strong> <strong><em>\u0160iuo ra\u0161iniu baigiu pasakojim\u0105 apie klubo 10-ties met\u0173<\/em><\/strong> <strong><em>nueit\u0105 keli\u0105. Visi ra\u0161iniai paremti klubo metra\u0161\u010diu, a\u0161 tik<\/em><\/strong> <strong><em>atpasakojau.<\/em><\/strong> <strong><em>Jei virusas nesutrukdys, jubiliej\u0173 pa\u017eym\u0117sime ruden\u012f<\/em><\/strong> <strong><em>u\u017e didelio bendro stalo.<\/em><\/strong><\/p>\n\n\n\n<p><strong><em>2018-ieji metai Alumni klubui prasideda d\u017eiugiai-atsirado galimyb\u0117 pastoviai rinktis istoriniuose Adel\u0117s ir Pauliaus Galauni\u0173 namuose &#8211; muziejuje. Nuostabi namo &#8211; muziejaus darbuotoj\u0173 dovana.<\/em><\/strong> <strong><em>Bendravim\u0105 prad\u0117jome susipa\u017einimu su \u0161iais namais bei ten gyvenusiais tauriais \u017emon\u0117mis A. ir P. Galauniais. Prisimin\u0117me ir Kazyt\u0119. O sus\u0117d\u0119 arbatai valgomajame u\u017e iki \u0161iol i\u0161likusio \u0161eiminink\u0173 stalo, pasijutome ypatingai pagerbti.<\/em><\/strong> <strong><em>Prie \u0161io stalo sus\u0117dome ir po adventinio pokalbio su teisininku dr. M. Jonai\u010diu, ir kartu su ansambliu \u201eJotija\u201c giedojome kal\u0117dines giesmes ir klaus\u0117m\u0117s trij\u0173 kanklininki\u0173 kankliavimo, sugiedojome \u201eTyli naktis\u201c. O Vasario 16-osios dien\u0105 pamin\u0117jome klausantis Garliavos TAU ansamblio \u201eE\u017eiuol\u0117\u201c koncerto \u201cRomansai laisvei\u201c<\/em><\/strong><\/p>\n\n\n\n<p><strong><em>&nbsp;2018 ieji metai neeiliniai &#8211; Nepriklausomos Lietuvos \u0161imtmetis. Tur\u0117jome jau prof. L. Ma\u017eylio surasto Akto original\u0105. Tod\u0117l nuskub\u0117jome \u012f Signatar\u0173 namus. Namuose esame buv\u0119 ne kart\u0105, bet \u0161\u012f kart\u0105 tai buvo ka\u017ekaip kitaip. Ilgokai stabtel\u0117jome prie Akto originalo, skait\u0117me ir skait\u0117me, kai kuri\u0173 alumn\u0173 akyse pasirod\u0117 a\u0161aros.<\/em><\/strong><\/p>\n\n\n\n<p><strong><em>Kas dar nuveikta? Dalyvavome Lietuvos \u0161viesuolio Vyd\u016bno 150-\u0173j\u0173 gimimo metini\u0173 min\u0117jime ir paminklinio biusto Karo muziejaus sodelyje atidengime. Po susitikimo Seime, u\u017esukome \u012f MO muziej\u0173 &#8211; eksponatai \u201enuk\u0117l\u0117\u201c mus \u012f 1990 metus. Lyg ir per daug paprasta, bet kitaip. Ir tas kitaip \u012fsimin\u0117 iki \u0161iol.<\/em><\/strong> <strong><em>Dalyki\u0161kas susitikimas \u012fvyko su Region\u0173 apygardos administracinio teismo Kauno r\u016bm\u0173 pirmininku A.Giedrai\u010diu ir kitais teis\u0117jais &#8211; parod\u0117 pos\u0117d\u017ei\u0173 sales, paai\u0161kino kaip skirstomos bylos, vyksta procesas, atsak\u0117 \u012f gausius susirinkusi\u0173j\u0173 klausimus.<\/em><\/strong> <strong><em>Art\u0117jant Prezidento rinkimams, Kauno TAU rektoratas sureng\u0117 diskusij\u0105 \u201cPrezidento institucija pilietin\u0117je visuomen\u0117je\u201c. Renginyje dalyvavo ir alumnai. Diskusija buvo savalaik\u0117 ir naudinga.<\/em><\/strong><\/p>\n\n\n\n<p><strong><em>O dabar linksmiau. Prie Vytauto Did\u017eiojo karo muziejaus nuo 1938 m. gruod\u017eio stovi du li\u016btai. Juos padovanojo Astravo (Bir\u017eai) dvaro paveld\u0117tojas grafas Jonas Jurgis Ti\u0161kevi\u010dius. \u012edomi li\u016bt\u0173 istorija.<\/em><\/strong><\/p>\n\n\n\n<p><strong><em>\u201eNemari tradicija &#8211; \u012fsiam\u017einti prie Karo muziejaus li\u016bt\u0173\u201c, &#8211; kreip\u0117si \u201eKaunas 2022\u201c komanda, pakviet\u0173si kaunie\u010dius atsi\u0173sti sen\u0173 laik\u0173 nuotrauk\u0173 prie li\u016bt\u0173 arba nusifotografuoti dabar. \u0160imtus nuotrauk\u0173, lai\u0161k\u0173 sulauk\u0117 \u201eKaunas 2022\u201c Atminties biuras. Daug prisiminim\u0173 kilo Teis\u0117s fakulteto klausytojams, alumnams. Daugelis tur\u0117jo savo, savo vaik\u0173 ir net an\u016bk\u0173 nuotrauk\u0173 prie li\u016bt\u0173. Nutarta &#8211; renkam\u0117s prie li\u016bt\u0173 bendrai nuotraukai. 2018 m.lapkri\u010dio 7 d. gausiai susirinkome. O kiek prisiminim\u0173, kiek klegesio&#8230; Nusifotografavome &#8211; nuotrauka patalpinta \u201eKaunas 2022\u201c Atminties biure. Bet ir tai dar ne viskas &#8211; net palink\u0117jimus li\u016btams para\u0161\u0117me, juos irgi patalpino Atminties biure. Ranka ra\u0161yt\u0173 palink\u0117jim\u0173 originalai iki \u0161iol yra pas dekan\u0119 B. \u0160tuikien\u0119 &#8211; gal kada pritiks TAU istorijai, o gal \u201eMin\u010di\u0173 kolia\u017eui\u201c? 2023 metais &#8211; li\u016bt\u0173 buvimo Kaune 85-metis.<\/em><\/strong> <strong><em>Alumni klubo nariai nuo 2015 met\u0173 Gra\u017eina ir Kazys Pietariai prisimena (nuotraukoje jie yra paskutin\u0117je eil\u0117je prie li\u016bto):<\/em><\/strong> <strong><em>\u201eMes abu esame giliai \u012fleid\u0119 Kaune \u0161aknis. \u010cia prab\u0117go visas m\u016bs\u0173 gyvenimas, \u010dia susipa\u017einom,<\/em><\/strong> <strong><em>suk\u016br\u0117m \u0161eim\u0105, auginom vaikus. Jaunyst\u0117s metais po \u012fvairi\u0173 susitikim\u0173 ar \u0161ven\u010di\u0173, gr\u012f\u017edami su draugais namo per Karo muziejaus sodel\u012f, \u201cjodavome\u201c ant li\u016bt\u0173. Tai buvo m\u016bs\u0173 tradicija. Dabar jau \u201enebejojame\u201c, ta\u010diau praeidami b\u016btinai paglostome j\u0173 kar\u010dius, paplek\u0161nojame per nugar\u0105. M\u016bs\u0173 an\u016bkai taip pat pam\u0117go li\u016btus. Dabar jau jie \u201ejoja\u201c ant j\u0173, d\u017eiugindami mus ir sukeldami malonius prisiminimus. Tikim\u0117s, kad li\u016btai dar ilgai bus Kauno puo\u0161mena ir kaunie\u010di\u0173 draugai\u201c.<\/em><\/strong><\/p>\n\n\n\n<p><strong><em>Dar du i\u0161 daugelio palink\u0117jim\u0173:<\/em><\/strong> <strong><em>\u201eO, nor\u0117\u010diau, kad prie \u0161i\u0173 li\u016bt\u0173 ateit\u0173 mano vaikai, tuomet, kai jie bus senjorai. Gyvuokite, li\u016btai. J\u016bs m\u016bs\u0173 jaunyst\u0117s simboliai. J\u016bs primenate ner\u016bpestingas dienas, kuomet buvome jauni, \u0117jome \u012f pasimatymus prie j\u016bs\u0173 ir labai labai svajojome&#8230;\u201c<\/em><\/strong> <strong><em>\u201eMielieji Kauno li\u016btai. Neatsiejama m\u016bs\u0173 gyvenimo dalis. Ir toliau stov\u0117kite sargyboje, taip, kaip stovi Laisv\u0117\u201c.<\/em><\/strong><\/p>\n\n\n\n<p><strong><em>Pamin\u0117tina dar viena gra\u017ei alumn\u0173 tradicija &#8211; kasmet dalyvauja Teis\u0117s fakulteto mokslo met\u0173 u\u017ebaigtuv\u0117se, joms kruop\u0161\u010diai ruo\u0161iasi &#8211; paruo\u0161ia ra\u0161tus, \u012fteikia, sveikina kiekvien\u0105 asmeni\u0161kai.<\/em><\/strong> <strong><em>Nepamir\u0161ta pasveikinti ir klausytojus.<\/em><\/strong><\/p>\n\n\n\n<p><strong><em>O alumnai ir v\u0117l sum\u0105st\u0117 &#8211; nutar\u0117 sudalyvauti 2020 m. sausio 12 d. pilietin\u0117je akcijoje \u201cNeu\u017emir\u0161tuoli\u0173 pieva\u201c. Tikimasi, kad tai taps tradicija.<\/em><\/strong> <strong><em>Buvo plan\u0173 ir nor\u0173 \u012fvairiai veiklai. Deja, \u012fvykiai pasisuko kitaip. Pasaulin\u0117 pandemija, Covid-19 virusas, privert\u0117 \u017emonij\u0105 u\u017esidaryti .Apmir\u0117 ir Lietuva. Nenuvykome \u012f Piva\u0161i\u016bnus, ne\u012fvyko susitikimas A.ir P.Galauni\u0173 namuose su Nepriklausomyb\u0117s Akto signataro K. Bizausko (Jis kur\u012f laik\u0105 gyveno pas A.ir P.Galaunius) giminai\u010diu, surinkusiu daug med\u017eiagos apie Signatar\u0105. Jau buvo susitarta apsilankyti Kauno choralin\u0117je sinagogoje. Nei\u0161girdome dekan\u0117s Birut\u0117s \u0160tuikien\u0117s pasakojimo apie tarpukario Lietuvos i\u0161kil\u0173j\u012f teisinink\u0105, advokat\u0105, mokslinink\u0105 prof. Petr\u0105 Leon\u0105.<\/em><\/strong> <strong><em>Nebuvo \u201eGeriausio k\u016brinio parodos\u201c, \u201cNeu\u017emir\u0161tuoli\u0173 pievos\u201c.<\/em><\/strong> <strong><em>Bet tikim\u0117s, kad virusas bus suvaldytas. Atsigausime, susitiksime, apsikabinsime ir veikl\u0105 t\u0119sime.<\/em><\/strong><\/p>\n\n\n\n<p><strong><em>Klubas jau tapo pagarbios ir prasmingos bendryst\u0117s vieta, gra\u017eiu bendramin\u010di\u0173 samb\u016briu.<\/em><\/strong><\/p>\n\n\n\n<p><strong><em>Klubo pirminink\u0117 Vida Gavril\u010dikien\u0117<\/em><\/strong><\/p>\n\n\n\n<hr class=\"wp-block-separator\"\/>\n\n\n\n<div class=\"wp-block-jetpack-slideshow aligncenter\" data-effect=\"slide\"><div class=\"wp-block-jetpack-slideshow_container swiper-container\"><ul class=\"wp-block-jetpack-slideshow_swiper-wrapper swiper-wrapper\"><li class=\"wp-block-jetpack-slideshow_slide swiper-slide\"><figure><img loading=\"lazy\" decoding=\"async\" width=\"1000\" height=\"596\" alt=\"\" class=\"wp-block-jetpack-slideshow_image wp-image-1248\" data-id=\"1248\" src=\"http:\/\/kaunastau.lt\/wp-content\/uploads\/2021\/05\/182334775_516726115999496_8721106657533725396_n.jpg\" srcset=\"https:\/\/kaunastau.lt\/wp-content\/uploads\/2021\/05\/182334775_516726115999496_8721106657533725396_n.jpg 1000w, https:\/\/kaunastau.lt\/wp-content\/uploads\/2021\/05\/182334775_516726115999496_8721106657533725396_n-300x179.jpg 300w, https:\/\/kaunastau.lt\/wp-content\/uploads\/2021\/05\/182334775_516726115999496_8721106657533725396_n-768x458.jpg 768w\" sizes=\"auto, (max-width: 1000px) 100vw, 1000px\" \/><\/figure><\/li><li class=\"wp-block-jetpack-slideshow_slide swiper-slide\"><figure><img loading=\"lazy\" decoding=\"async\" width=\"1076\" height=\"790\" alt=\"\" class=\"wp-block-jetpack-slideshow_image wp-image-1252\" data-id=\"1252\" src=\"http:\/\/kaunastau.lt\/wp-content\/uploads\/2021\/05\/2.jpeg\" srcset=\"https:\/\/kaunastau.lt\/wp-content\/uploads\/2021\/05\/2.jpeg 1076w, https:\/\/kaunastau.lt\/wp-content\/uploads\/2021\/05\/2-300x220.jpeg 300w, https:\/\/kaunastau.lt\/wp-content\/uploads\/2021\/05\/2-1024x752.jpeg 1024w, https:\/\/kaunastau.lt\/wp-content\/uploads\/2021\/05\/2-768x564.jpeg 768w\" sizes=\"auto, (max-width: 1076px) 100vw, 1076px\" \/><\/figure><\/li><li class=\"wp-block-jetpack-slideshow_slide swiper-slide\"><figure><img loading=\"lazy\" decoding=\"async\" width=\"1000\" height=\"1333\" alt=\"\" class=\"wp-block-jetpack-slideshow_image wp-image-1244\" data-id=\"1244\" src=\"http:\/\/kaunastau.lt\/wp-content\/uploads\/2021\/05\/20190328_164445.jpg\" srcset=\"https:\/\/kaunastau.lt\/wp-content\/uploads\/2021\/05\/20190328_164445.jpg 1000w, https:\/\/kaunastau.lt\/wp-content\/uploads\/2021\/05\/20190328_164445-225x300.jpg 225w, https:\/\/kaunastau.lt\/wp-content\/uploads\/2021\/05\/20190328_164445-768x1024.jpg 768w\" sizes=\"auto, (max-width: 1000px) 100vw, 1000px\" \/><\/figure><\/li><li class=\"wp-block-jetpack-slideshow_slide swiper-slide\"><figure><img loading=\"lazy\" decoding=\"async\" width=\"1000\" height=\"1333\" alt=\"\" class=\"wp-block-jetpack-slideshow_image wp-image-1245\" data-id=\"1245\" src=\"http:\/\/kaunastau.lt\/wp-content\/uploads\/2021\/05\/20190328_172425.jpg\" srcset=\"https:\/\/kaunastau.lt\/wp-content\/uploads\/2021\/05\/20190328_172425.jpg 1000w, https:\/\/kaunastau.lt\/wp-content\/uploads\/2021\/05\/20190328_172425-225x300.jpg 225w, https:\/\/kaunastau.lt\/wp-content\/uploads\/2021\/05\/20190328_172425-768x1024.jpg 768w\" sizes=\"auto, (max-width: 1000px) 100vw, 1000px\" \/><\/figure><\/li><li class=\"wp-block-jetpack-slideshow_slide swiper-slide\"><figure><img loading=\"lazy\" decoding=\"async\" width=\"994\" height=\"767\" alt=\"\" class=\"wp-block-jetpack-slideshow_image wp-image-1251\" data-id=\"1251\" src=\"http:\/\/kaunastau.lt\/wp-content\/uploads\/2021\/05\/1.jpeg\" srcset=\"https:\/\/kaunastau.lt\/wp-content\/uploads\/2021\/05\/1.jpeg 994w, https:\/\/kaunastau.lt\/wp-content\/uploads\/2021\/05\/1-300x231.jpeg 300w, https:\/\/kaunastau.lt\/wp-content\/uploads\/2021\/05\/1-768x593.jpeg 768w\" sizes=\"auto, (max-width: 994px) 100vw, 994px\" \/><\/figure><\/li><li class=\"wp-block-jetpack-slideshow_slide swiper-slide\"><figure><img loading=\"lazy\" decoding=\"async\" width=\"729\" height=\"953\" alt=\"\" class=\"wp-block-jetpack-slideshow_image wp-image-1253\" data-id=\"1253\" src=\"http:\/\/kaunastau.lt\/wp-content\/uploads\/2021\/05\/3.jpeg\" srcset=\"https:\/\/kaunastau.lt\/wp-content\/uploads\/2021\/05\/3.jpeg 729w, https:\/\/kaunastau.lt\/wp-content\/uploads\/2021\/05\/3-229x300.jpeg 229w\" sizes=\"auto, (max-width: 729px) 100vw, 729px\" \/><\/figure><\/li><li class=\"wp-block-jetpack-slideshow_slide swiper-slide\"><figure><img loading=\"lazy\" decoding=\"async\" width=\"1000\" height=\"628\" alt=\"\" class=\"wp-block-jetpack-slideshow_image wp-image-1247\" data-id=\"1247\" src=\"http:\/\/kaunastau.lt\/wp-content\/uploads\/2021\/05\/182220613_3887021404716575_8240076004192580280_n.jpg\" srcset=\"https:\/\/kaunastau.lt\/wp-content\/uploads\/2021\/05\/182220613_3887021404716575_8240076004192580280_n.jpg 1000w, https:\/\/kaunastau.lt\/wp-content\/uploads\/2021\/05\/182220613_3887021404716575_8240076004192580280_n-300x188.jpg 300w, https:\/\/kaunastau.lt\/wp-content\/uploads\/2021\/05\/182220613_3887021404716575_8240076004192580280_n-768x482.jpg 768w\" sizes=\"auto, (max-width: 1000px) 100vw, 1000px\" \/><\/figure><\/li><li class=\"wp-block-jetpack-slideshow_slide swiper-slide\"><figure><img loading=\"lazy\" decoding=\"async\" width=\"811\" height=\"510\" alt=\"\" class=\"wp-block-jetpack-slideshow_image wp-image-1249\" data-id=\"1249\" src=\"http:\/\/kaunastau.lt\/wp-content\/uploads\/2021\/05\/20210314_132429-1.jpg\" srcset=\"https:\/\/kaunastau.lt\/wp-content\/uploads\/2021\/05\/20210314_132429-1.jpg 811w, https:\/\/kaunastau.lt\/wp-content\/uploads\/2021\/05\/20210314_132429-1-300x189.jpg 300w, https:\/\/kaunastau.lt\/wp-content\/uploads\/2021\/05\/20210314_132429-1-768x483.jpg 768w\" sizes=\"auto, (max-width: 811px) 100vw, 811px\" \/><\/figure><\/li><\/ul><a class=\"wp-block-jetpack-slideshow_button-prev swiper-button-prev swiper-button-white\" role=\"button\"><\/a><a class=\"wp-block-jetpack-slideshow_button-next swiper-button-next swiper-button-white\" role=\"button\"><\/a><a aria-label=\"Pause Slideshow\" class=\"wp-block-jetpack-slideshow_button-pause\" role=\"button\"><\/a><div class=\"wp-block-jetpack-slideshow_pagination swiper-pagination swiper-pagination-white\"><\/div><\/div><\/div>\n\n\n\n<p>2021-04-10<\/p>\n\n\n\n<p><strong><em>Art\u0117jan\u010dio jubiliejaus proga (2021 met\u0173 rugs\u0117jis),<\/em><\/strong> <strong><em>toliau supa\u017eindinu Universiteto Bendruomen\u0119 su<\/em><\/strong> <strong><em>klubo 2015-2017 met\u0173 veikla.<\/em><\/strong> <strong><em>\u0160iuo laikotarpiu buvo 25-i klubo nariai.<\/em><\/strong><\/p>\n\n\n\n<p><strong><em>2015-2017 metai &#8211; jau kai kuri\u0173 permain\u0173 laikas. \u0160ie metai buvo sud\u0117tingi &#8211; sunkiai susirgo klubo pirmininkas dr. Gintautas Virakas. Ta\u010diau klubo valdyba, nariai veik\u0117 toliau: si\u016bl\u0117 naujas iniciatyvas, veiklas, dalijosi mintimis. Teik\u0117 ir aktyviai veik\u0117.<\/em><\/strong> <strong><em>Su Teis\u0117s fakulteto klausytojais dalyvavo susitikime Valstyb\u0117s garantuojamos teisin\u0117s pagalbos tarnybos Kauno skyriuje, MRU Vie\u0161ojo saugumo akademijos konferencijoje \u201cVisuomen\u0117s saugumo u\u017etikrinimo problemos\u201c, respublikin\u0117je TAU konferencijoje \u201cTAU misija XXI am\u017eiaus visuomen\u0117je\u201c.<\/em><\/strong> <strong><em>Su MRU Vie\u0161ojo saugumo akademijos studentais bei \u012fvairi\u0173 sri\u010di\u0173 teisininkais &#8211; praktikais alumnai ir klausytojai dalyvavo \u201eapskrito stalo\u201c diskusijoje\u201c Teisinink\u0173 darbo etiniai ir moraliniai aspektai\u201c. Dalyki\u0161ka ir net a\u0161troka buvo diskusija, bet atsisveikinta smagiai nusiteikus.<\/em><\/strong> <strong><em>Po \u012fdomaus ir naudingo susitikimo su Konstitucinio teismo pirmininku prof. D. \u017dalimu, alumnai nuvyko \u012f Panerius, tyl\u0117dami pa\u0117jo mirties keliu, pad\u0117jo g\u0117li\u0173, u\u017edeg\u0117 \u017eibur\u0117lius, mintyse sau pasak\u0119 &#8211; tai neturi pasikartoti.<\/em><\/strong> <\/p>\n\n\n\n<p><strong><em>2017 m. spalio 25 d. dabartinei Lietuvos Konstitucijai sukako 25-eri. Lietuvos teisinink\u0173 draugijos Kauno skyrius Maironio gimnazijos istorin\u0117je sal\u0117je (tarpukariu \u010dia dirbo Seimas, 1922.08.01 pri\u0117m\u0117 pirm\u0105j\u0105 Lietuvos Konstitucij\u0105) organizavo \u0161ios sukakties pamin\u0117jim\u0105. Jame dalyvavo ir alumnai. Pagrindin\u012f prane\u0161im\u0105 skait\u0117 Seimo narys dr. St. \u0160edbaras. \u012esimintinas pamin\u0117jimas.<\/em><\/strong> <\/p>\n\n\n\n<p><strong><em>Taip jau susid\u0117liojo, kad daug d\u0117mesio alumnai skyr\u0117 parodoms. Apsilankyta Maironio lietuvi\u0173 literat\u016bros muziejuje, Prezidento V. Adamkaus bibliotekoje &#8211; muziejuje. Aplankytos Marko \u0160agalo litografij\u0173 paroda Raudondvario pilyje, M. \u017dilinsko galerijoje, kunigaik\u0161\u010di\u0173 Oginski\u0173 dail\u0117s rinkini\u0173 kolekcija, dailininko \u0160ar\u016bno Saukos paroda Nacionalin\u0117je dail\u0117s galerijoje Vilniuje.<\/em><\/strong> <strong><em>O 2017 metais kolektyviai (lank\u0117m\u0117s, bet pavieniui) apsilankius Paveiksl\u0173 galerijoje \u201cGeriausio met\u0173 k\u016brinio\u201c parodoje &#8211; rinkimuose bei smagaus parodos aptarimo, plius cepelinai \u201cBerneli\u0173 u\u017eeigoje\u201c jau tapo nauja klubo tradicija iki \u0161iol. \u017dinoma, nepamir\u0161ti ir klubo nari\u0173 jubiliejai. O kal\u0117diniai Teis\u0117s fakulteto klausytoj\u0173 pasveikinimai vyko itin smagiai &#8211; kartu su MRU Vie\u0161ojo saugumo akademijos \u201ei\u0161sipus\u010diusiais\u201c studentais.<\/em><\/strong><\/p>\n\n\n\n<p><strong><em>\u201eKlubas tapo atgaiva sielai, smagiu atokv\u0117piu nuo kasdienyb\u0117s. D\u017eiugus jaudulys apima prie\u0161 kiekvien\u0105 susitikim\u0105\u201c &#8211; sako klubo nar\u0117 nuo 2012 met\u0173 R\u016bta Kondrotien\u0117, kuri savo sukurtomis puok\u0161t\u0117mis iki \u0161iol d\u017eiugina klausytojus ir alumnus.<\/em><\/strong><\/p>\n\n\n\n<p><strong><em>Taip jau buvo lemta, kad \u0161iuo laikotarpiu keit\u0117si klubo pirmininkai. Bet ir toliau s\u0117kmingai vyko visos numatytos veiklos, klubas net pasipild\u0117 nauja tradicija.<\/em><\/strong> <strong><em>O tai, kad sunkiai sergant Pirmininkui, klubas nepakriko, tik patvirtina, kad tokio ALUMNI klubo tikrai reik\u0117jo ir reikia.<\/em><\/strong><\/p>\n\n\n\n<p><strong><em>Apie klubo 2018-2020 veiklos metus netrukus para\u0161ysiu.<\/em><\/strong><\/p>\n\n\n\n<p><strong><em>Klubo pirminink\u0117 Vida Gavril\u010dikien\u0117<\/em><\/strong><\/p>\n\n\n\n<div class=\"wp-block-jetpack-slideshow aligncenter\" data-effect=\"slide\"><div class=\"wp-block-jetpack-slideshow_container swiper-container\"><ul class=\"wp-block-jetpack-slideshow_swiper-wrapper swiper-wrapper\"><li class=\"wp-block-jetpack-slideshow_slide swiper-slide\"><figure><img loading=\"lazy\" decoding=\"async\" width=\"1024\" height=\"683\" alt=\"\" class=\"wp-block-jetpack-slideshow_image wp-image-1116\" data-id=\"1116\" src=\"http:\/\/kaunastau.lt\/wp-content\/uploads\/2021\/04\/Konstituciniame-teisme-3-1024x683.jpg\" srcset=\"https:\/\/kaunastau.lt\/wp-content\/uploads\/2021\/04\/Konstituciniame-teisme-3-1024x683.jpg 1024w, https:\/\/kaunastau.lt\/wp-content\/uploads\/2021\/04\/Konstituciniame-teisme-3-300x200.jpg 300w, https:\/\/kaunastau.lt\/wp-content\/uploads\/2021\/04\/Konstituciniame-teisme-3-768x512.jpg 768w, https:\/\/kaunastau.lt\/wp-content\/uploads\/2021\/04\/Konstituciniame-teisme-3-1536x1024.jpg 1536w, https:\/\/kaunastau.lt\/wp-content\/uploads\/2021\/04\/Konstituciniame-teisme-3-2048x1366.jpg 2048w\" sizes=\"auto, (max-width: 1024px) 100vw, 1024px\" \/><\/figure><\/li><li class=\"wp-block-jetpack-slideshow_slide swiper-slide\"><figure><img loading=\"lazy\" decoding=\"async\" width=\"1024\" height=\"683\" alt=\"\" class=\"wp-block-jetpack-slideshow_image wp-image-1117\" data-id=\"1117\" src=\"http:\/\/kaunastau.lt\/wp-content\/uploads\/2021\/04\/KOnstitucijos-25cio-minejima-s-1-1024x683.jpg\" srcset=\"https:\/\/kaunastau.lt\/wp-content\/uploads\/2021\/04\/KOnstitucijos-25cio-minejima-s-1-1024x683.jpg 1024w, https:\/\/kaunastau.lt\/wp-content\/uploads\/2021\/04\/KOnstitucijos-25cio-minejima-s-1-300x200.jpg 300w, https:\/\/kaunastau.lt\/wp-content\/uploads\/2021\/04\/KOnstitucijos-25cio-minejima-s-1-768x512.jpg 768w, https:\/\/kaunastau.lt\/wp-content\/uploads\/2021\/04\/KOnstitucijos-25cio-minejima-s-1-1536x1024.jpg 1536w, https:\/\/kaunastau.lt\/wp-content\/uploads\/2021\/04\/KOnstitucijos-25cio-minejima-s-1-2048x1365.jpg 2048w\" sizes=\"auto, (max-width: 1024px) 100vw, 1024px\" \/><\/figure><\/li><li class=\"wp-block-jetpack-slideshow_slide swiper-slide\"><figure><img loading=\"lazy\" decoding=\"async\" width=\"1024\" height=\"684\" alt=\"\" class=\"wp-block-jetpack-slideshow_image wp-image-1119\" data-id=\"1119\" src=\"http:\/\/kaunastau.lt\/wp-content\/uploads\/2021\/04\/DSC_05211-1024x684.jpg\" srcset=\"https:\/\/kaunastau.lt\/wp-content\/uploads\/2021\/04\/DSC_05211-1024x684.jpg 1024w, https:\/\/kaunastau.lt\/wp-content\/uploads\/2021\/04\/DSC_05211-300x200.jpg 300w, https:\/\/kaunastau.lt\/wp-content\/uploads\/2021\/04\/DSC_05211-768x513.jpg 768w, https:\/\/kaunastau.lt\/wp-content\/uploads\/2021\/04\/DSC_05211.jpg 1127w\" sizes=\"auto, (max-width: 1024px) 100vw, 1024px\" \/><\/figure><\/li><li class=\"wp-block-jetpack-slideshow_slide swiper-slide\"><figure><img loading=\"lazy\" decoding=\"async\" width=\"1366\" height=\"869\" alt=\"\" class=\"wp-block-jetpack-slideshow_image wp-image-1121\" data-id=\"1121\" src=\"http:\/\/kaunastau.lt\/wp-content\/uploads\/2021\/04\/20131218_011-1.jpg\" srcset=\"https:\/\/kaunastau.lt\/wp-content\/uploads\/2021\/04\/20131218_011-1.jpg 1366w, https:\/\/kaunastau.lt\/wp-content\/uploads\/2021\/04\/20131218_011-1-300x191.jpg 300w, https:\/\/kaunastau.lt\/wp-content\/uploads\/2021\/04\/20131218_011-1-1024x651.jpg 1024w, https:\/\/kaunastau.lt\/wp-content\/uploads\/2021\/04\/20131218_011-1-768x489.jpg 768w\" sizes=\"auto, (max-width: 1366px) 100vw, 1366px\" \/><\/figure><\/li><\/ul><a class=\"wp-block-jetpack-slideshow_button-prev swiper-button-prev swiper-button-white\" role=\"button\"><\/a><a class=\"wp-block-jetpack-slideshow_button-next swiper-button-next swiper-button-white\" role=\"button\"><\/a><a aria-label=\"Pause Slideshow\" class=\"wp-block-jetpack-slideshow_button-pause\" role=\"button\"><\/a><div class=\"wp-block-jetpack-slideshow_pagination swiper-pagination swiper-pagination-white\"><\/div><\/div><\/div>\n\n\n\n<p>2021-03-10<\/p>\n\n\n\n<p>\u0160i\u0173 met\u0173 ruden\u012f Teis\u0117s fakulteto Alumni klubui sukaks 10-mt met\u0173. Art\u0117jan\u010dio jubiliejaus proga toliau supa\u017eindinu Universiteto Bendruomen\u0119 su 2012-2014 met\u0173 klubo veikla. \u0160iuo laikotarpiu jau buvo 19 klubo nari\u0173.<\/p>\n\n\n\n<p>&nbsp;&nbsp;&nbsp;&nbsp;&nbsp;&nbsp;&nbsp;&nbsp;&nbsp;&nbsp;&nbsp; Prasid\u0117jo 2012-ieji metai. Klubas tik k\u0105 &#8211; 2011.09.15 susik\u016br\u0119s. Pasisveikin\u0119 su Naujausiais metais, jau sausio m\u0117n. klubo nariai susirinko aptarti tolismesnius darbus. Bet labiausiai nariai buvo susir\u016bpin\u0119 b\u016bsim\u0173 absolvent\u0173 pasveikinimu ir pakvietimu \u012f klub\u0105.<\/p>\n\n\n\n<p>&nbsp;&nbsp;&nbsp;&nbsp;&nbsp;&nbsp;&nbsp;&nbsp;&nbsp;&nbsp;&nbsp; \u201cNor\u0117josi kuo pagarbiau, i\u0161kilmingiau. Bendromis pastangomis kvietimo tekstas buvo sukurtas, pavadinome tai Ra\u0161tu. Sentencija \u201dCurantes iura iuvant\u201d &#8211; \u201c\u012estatymai gina tuos, kurie juos gerbia\u201d yra ir ant Konstitucinio teismo pos\u0117d\u017ei\u0173 sal\u0117s sienos. Beliko tekst\u0105 \u201c\u012fvilkti \u012f r\u016bb\u0105\u201d. Po ilg\u0173 diskusij\u0173 u\u017e didelio apvalaus stalo \u201cMiesto sode\u201d galutinis Ra\u0161to variantas buvo priimtas ir net \u201caplaistytas\u201d, &#8211; prisimena ilgamet\u0117 klubo valdybos nar\u0117 Eugenija Kulikauskien\u0117. \u0160io Ra\u0161to tekstas nepakito iki \u0161iol.<\/p>\n\n\n\n<p>&nbsp;&nbsp;&nbsp;&nbsp;&nbsp;&nbsp;&nbsp;&nbsp;&nbsp;&nbsp;&nbsp; Klubo veikla pl\u0117t\u0117si: apsilankyta Prezident\u016broje, Valdov\u0173 r\u016bmuose, Seime, Teisingumo ministerijoje, Konstituciniame teisme, pagerb\u0117me Medinink\u0173 poste \u017euvusius pasienie\u010dius. Jaudinantys&nbsp; apsilankymai&nbsp; buvo&nbsp; \u012fkalinimo \u012fstaigose &#8211; susitikome, kalb\u0117jom\u0117s su vadovais ir kaliniais, padovanojome daug \u012fvairi\u0173 knyg\u0173.<\/p>\n\n\n\n<p>&nbsp;&nbsp;&nbsp;&nbsp;&nbsp;&nbsp;&nbsp;&nbsp;&nbsp;&nbsp;&nbsp; O Kaune &#8211; apsilankyta J.Tumo-Vai\u017eganto muziejuje, kartu su MRU Vie\u0161ojo saugumo akademijos studentais dalyvavome jubiliejiniame K.Donelai\u010dio \u201dMet\u0173\u201d skaityme, susitikimu su M.K.\u010ciurlionio provaikai\u010diu Roku Zubovu pagerb\u0117me genij\u0173, dailinink\u0105 M.K.\u010ciurlion\u012f. \u012edomus susitikimas su Kauno religin\u0117s bendruomen\u0117s pirmininku M.Bairaku bei gide Asia \u012fvyko Kauno choralin\u0117je sinagogoje. Tradiciniais jau tapo bendri apsilankymai Filharmonijoje, teatruose,nari\u0173 &#8211; jubiliat\u0173 pagerbimai bei kal\u0117diniai Teis\u0117s fakulteto klausytoj\u0173 pasveikinimai.<\/p>\n\n\n\n<p>&nbsp;&nbsp;&nbsp;&nbsp;&nbsp;&nbsp;&nbsp;&nbsp;&nbsp;&nbsp;&nbsp; Alumn\u0173 darbotvark\u0117je buvo dalyvavimas VDU Teis\u0117s fakulteto bei MRU Vie\u0161ojo saugumo akademijos organizuojamose konferencijose, susitikimuose, diskusijose, teis\u0117s paskaitose. Itin \u201caudringa\u201d buvo VDU TF konferencija \u201dAdvokato etika: teoriniai ir praktiniai aspektai\u201d.<\/p>\n\n\n\n<p>&nbsp;&nbsp;&nbsp;&nbsp;&nbsp;&nbsp;&nbsp;&nbsp;&nbsp;&nbsp;&nbsp; Dekan\u0117 Birut\u0117&nbsp; \u0160tuikien\u0117: \u201dPrisimenu kart\u0105 pri\u0117jo prie man\u0119s&nbsp; tuometinis VDU Teis\u0117s fakulteto prodekanas doc.dr.M.Bilius ir sako &#8211; \u201cPasteb\u0117j\u0119 Kauno TAU Teis\u0117s fakulteto klausytojus pastoviai dalyvaujan\u010dius konferencijose,nutar\u0117me paskirti Jums atskir\u0105 eil\u0119, kad visuomet tur\u0117tum\u0117te vietos atsis\u0117sti\u201d. (VDU Ma\u017eoji sal\u0117 rengini\u0173 metu visuomet vos sutalpindavo,da\u017enai prireikdavo papildom\u0173 k\u0117d\u017ei\u0173). Kokia jaudinanti pagarba-tuomet net susigraudinau. Ir skirta \u201clo\u017e\u0117\u201d visuomet b\u016bdavo u\u017eimta alumn\u0173 ir klausytoj\u0173\u201d.<\/p>\n\n\n\n<div class=\"wp-block-jetpack-slideshow aligncenter\" data-effect=\"fade\"><div class=\"wp-block-jetpack-slideshow_container swiper-container\"><ul class=\"wp-block-jetpack-slideshow_swiper-wrapper swiper-wrapper\"><li class=\"wp-block-jetpack-slideshow_slide swiper-slide\"><figure><img loading=\"lazy\" decoding=\"async\" width=\"1024\" height=\"680\" alt=\"\" class=\"wp-block-jetpack-slideshow_image wp-image-1072\" data-id=\"1072\" src=\"http:\/\/kaunastau.lt\/wp-content\/uploads\/2021\/03\/dsc_00471-1-1024x680.jpg\" srcset=\"https:\/\/kaunastau.lt\/wp-content\/uploads\/2021\/03\/dsc_00471-1-1024x680.jpg 1024w, https:\/\/kaunastau.lt\/wp-content\/uploads\/2021\/03\/dsc_00471-1-300x199.jpg 300w, https:\/\/kaunastau.lt\/wp-content\/uploads\/2021\/03\/dsc_00471-1-768x510.jpg 768w, https:\/\/kaunastau.lt\/wp-content\/uploads\/2021\/03\/dsc_00471-1.jpg 1200w\" sizes=\"auto, (max-width: 1024px) 100vw, 1024px\" \/><\/figure><\/li><li class=\"wp-block-jetpack-slideshow_slide swiper-slide\"><figure><img loading=\"lazy\" decoding=\"async\" width=\"768\" height=\"1024\" alt=\"\" class=\"wp-block-jetpack-slideshow_image wp-image-1066\" data-id=\"1066\" src=\"http:\/\/kaunastau.lt\/wp-content\/uploads\/2021\/03\/IMG_20210309_130640-2-768x1024.jpg\" srcset=\"https:\/\/kaunastau.lt\/wp-content\/uploads\/2021\/03\/IMG_20210309_130640-2-768x1024.jpg 768w, https:\/\/kaunastau.lt\/wp-content\/uploads\/2021\/03\/IMG_20210309_130640-2-225x300.jpg 225w, https:\/\/kaunastau.lt\/wp-content\/uploads\/2021\/03\/IMG_20210309_130640-2-1152x1536.jpg 1152w, https:\/\/kaunastau.lt\/wp-content\/uploads\/2021\/03\/IMG_20210309_130640-2.jpg 1200w\" sizes=\"auto, (max-width: 768px) 100vw, 768px\" \/><\/figure><\/li><li class=\"wp-block-jetpack-slideshow_slide swiper-slide\"><figure><img loading=\"lazy\" decoding=\"async\" width=\"1024\" height=\"768\" alt=\"\" class=\"wp-block-jetpack-slideshow_image wp-image-1067\" data-id=\"1067\" src=\"http:\/\/kaunastau.lt\/wp-content\/uploads\/2021\/03\/P1011713-2-1024x768.jpg\" srcset=\"https:\/\/kaunastau.lt\/wp-content\/uploads\/2021\/03\/P1011713-2-1024x768.jpg 1024w, https:\/\/kaunastau.lt\/wp-content\/uploads\/2021\/03\/P1011713-2-300x225.jpg 300w, https:\/\/kaunastau.lt\/wp-content\/uploads\/2021\/03\/P1011713-2-768x576.jpg 768w, https:\/\/kaunastau.lt\/wp-content\/uploads\/2021\/03\/P1011713-2.jpg 1200w\" sizes=\"auto, (max-width: 1024px) 100vw, 1024px\" \/><figcaption class=\"wp-block-jetpack-slideshow_caption gallery-caption\">OLYMPUS DIGITAL CAMERA<\/figcaption><\/figure><\/li><li class=\"wp-block-jetpack-slideshow_slide swiper-slide\"><figure><img loading=\"lazy\" decoding=\"async\" width=\"1024\" height=\"768\" alt=\"\" class=\"wp-block-jetpack-slideshow_image wp-image-1065\" data-id=\"1065\" src=\"http:\/\/kaunastau.lt\/wp-content\/uploads\/2021\/03\/IMG_20210309_131711-2-1024x768.jpg\" srcset=\"https:\/\/kaunastau.lt\/wp-content\/uploads\/2021\/03\/IMG_20210309_131711-2-1024x768.jpg 1024w, https:\/\/kaunastau.lt\/wp-content\/uploads\/2021\/03\/IMG_20210309_131711-2-300x225.jpg 300w, https:\/\/kaunastau.lt\/wp-content\/uploads\/2021\/03\/IMG_20210309_131711-2-768x576.jpg 768w, https:\/\/kaunastau.lt\/wp-content\/uploads\/2021\/03\/IMG_20210309_131711-2.jpg 1200w\" sizes=\"auto, (max-width: 1024px) 100vw, 1024px\" \/><\/figure><\/li><\/ul><a class=\"wp-block-jetpack-slideshow_button-prev swiper-button-prev swiper-button-white\" role=\"button\"><\/a><a class=\"wp-block-jetpack-slideshow_button-next swiper-button-next swiper-button-white\" role=\"button\"><\/a><a aria-label=\"Pause Slideshow\" class=\"wp-block-jetpack-slideshow_button-pause\" role=\"button\"><\/a><div class=\"wp-block-jetpack-slideshow_pagination swiper-pagination swiper-pagination-white\"><\/div><\/div><\/div>\n\n\n\n<p>&nbsp;&nbsp;&nbsp;&nbsp;&nbsp;&nbsp;&nbsp;&nbsp;&nbsp;&nbsp;&nbsp; Su d\u017eiugesiu vartau klubo metra\u0161\u010dio puslapius. 2012-2014 metais bendramin\u010di\u0173 draugyst\u0117 pl\u0117t\u0117si, suteikdama klubui nauj\u0105 form\u0105, turin\u012f ir prasm\u0119.<\/p>\n\n\n\n<p>&nbsp;&nbsp;&nbsp;&nbsp;&nbsp;&nbsp;&nbsp;&nbsp;&nbsp;&nbsp;&nbsp; Apie tai dar para\u0161ysiu. Ir tai bus jau 2015-2017 metai.<\/p>\n\n\n\n<p>Klubo pirminink\u0117 Vida Gavril\u010dikien\u0117<\/p>\n\n\n\n<hr class=\"wp-block-separator\"\/>\n\n\n\n<div class=\"wp-block-group\"><div class=\"wp-block-group__inner-container is-layout-flow wp-block-group-is-layout-flow\">\n<div class=\"wp-block-group\"><div class=\"wp-block-group__inner-container is-layout-flow wp-block-group-is-layout-flow\">\n<p class=\"has-text-align-right\"><em>\u017dmogus ver\u017eiasi \u012f \u017einojim\u0105. <\/em><\/p>\n\n\n\n<p class=\"has-text-align-right\"><em>&nbsp;&nbsp;&nbsp;&nbsp;&nbsp;&nbsp;&nbsp;&nbsp;&nbsp;&nbsp;&nbsp;&nbsp;&nbsp;&nbsp;&nbsp;&nbsp;&nbsp;&nbsp;&nbsp;&nbsp;&nbsp;&nbsp;&nbsp;&nbsp;&nbsp;&nbsp;&nbsp;&nbsp;&nbsp;&nbsp;&nbsp;&nbsp;&nbsp;&nbsp;&nbsp;&nbsp;&nbsp;&nbsp;&nbsp;&nbsp;&nbsp;&nbsp;&nbsp;&nbsp;&nbsp;&nbsp;&nbsp;&nbsp;&nbsp;&nbsp;&nbsp;&nbsp;&nbsp;&nbsp;&nbsp;&nbsp;&nbsp;&nbsp;&nbsp;&nbsp;&nbsp;&nbsp;&nbsp;&nbsp;&nbsp;&nbsp;&nbsp;&nbsp;&nbsp;&nbsp;&nbsp; Ir kai tik u\u017eg\u0119sta \u017einojimo alkis,<\/em><\/p>\n\n\n\n<p class=\"has-text-align-right\"><em>&nbsp;&nbsp;&nbsp;&nbsp;&nbsp;&nbsp;&nbsp;&nbsp;&nbsp;&nbsp;&nbsp;&nbsp;&nbsp;&nbsp;&nbsp;&nbsp;&nbsp;&nbsp;&nbsp;&nbsp;&nbsp;&nbsp;&nbsp;&nbsp;&nbsp;&nbsp;&nbsp;&nbsp;&nbsp;&nbsp;&nbsp;&nbsp;&nbsp;&nbsp;&nbsp;&nbsp;&nbsp;&nbsp;&nbsp; &nbsp;&nbsp;&nbsp;&nbsp;&nbsp;&nbsp;&nbsp;&nbsp;&nbsp;&nbsp;&nbsp;&nbsp;&nbsp;&nbsp;&nbsp;&nbsp;&nbsp;&nbsp;&nbsp;&nbsp;&nbsp;&nbsp;&nbsp;&nbsp;&nbsp;&nbsp;&nbsp;&nbsp;&nbsp;&nbsp;&nbsp;&nbsp;jis nustoja&nbsp; buv\u0119s \u017emogumi.<\/em><\/p>\n\n\n\n<p class=\"has-text-align-right\"><em>&nbsp;&nbsp;&nbsp;&nbsp;&nbsp;&nbsp;&nbsp;&nbsp;&nbsp;&nbsp;&nbsp;&nbsp;&nbsp;&nbsp;&nbsp;&nbsp;&nbsp;&nbsp;&nbsp;&nbsp;&nbsp;&nbsp;&nbsp;&nbsp;&nbsp;&nbsp;&nbsp;&nbsp;&nbsp;&nbsp;&nbsp;&nbsp;&nbsp;&nbsp;&nbsp;&nbsp;&nbsp;&nbsp;&nbsp;&nbsp;&nbsp;&nbsp;&nbsp;&nbsp;&nbsp;&nbsp;&nbsp;&nbsp; &nbsp;&nbsp;&nbsp;&nbsp;&nbsp;&nbsp;&nbsp;&nbsp;&nbsp;&nbsp;&nbsp;&nbsp;&nbsp;&nbsp;&nbsp;&nbsp;&nbsp;&nbsp;&nbsp;&nbsp;&nbsp;&nbsp;&nbsp;&nbsp;&nbsp;&nbsp;&nbsp;&nbsp;&nbsp;&nbsp;&nbsp;&nbsp;&nbsp;&nbsp;&nbsp;&nbsp;(I\u0161trauka i\u0161 2011m. klubo metra\u0161\u010dio)<\/em><\/p>\n<\/div><\/div>\n<\/div><\/div>\n<\/div>\n<\/div>\n<\/div><\/div>\n<\/div><\/div>\n\n\n\n<div class=\"wp-block-image\"><figure class=\"aligncenter size-large is-resized\"><img loading=\"lazy\" decoding=\"async\" src=\"http:\/\/kaunastau.lt\/wp-content\/uploads\/2021\/02\/ALUMNI-10-ciui-artejant.jpeg\" alt=\"\" class=\"wp-image-823\" width=\"403\" height=\"323\" srcset=\"https:\/\/kaunastau.lt\/wp-content\/uploads\/2021\/02\/ALUMNI-10-ciui-artejant.jpeg 806w, https:\/\/kaunastau.lt\/wp-content\/uploads\/2021\/02\/ALUMNI-10-ciui-artejant-300x240.jpeg 300w, https:\/\/kaunastau.lt\/wp-content\/uploads\/2021\/02\/ALUMNI-10-ciui-artejant-768x616.jpeg 768w\" sizes=\"auto, (max-width: 403px) 100vw, 403px\" \/><\/figure><\/div>\n\n\n\n<p>\u0160i\u0173 met\u0173 ruden\u012f Teis\u0117s fakulteto ALUMNI klubui sukaks 10-mt met\u0173. \u0160io art\u0117jan\u010dio gra\u017eaus jubiliejaus&nbsp;&nbsp;proga noriu supa\u017eindinti Universiteto Bendruomen\u0119 su klubo nueitu keliu &#8211; jo prad\u017eia ir tolesne veikla.<br>Kokie jautr\u016bs ir atsakingi klubo nariai &#8211; visus tuos de\u0161imt met\u0173 ra\u0161\u0117 metra\u0161t\u012f. O man tenka didel\u0117 garb\u0117 tik papasakoti apie tai.<br>2011-ieji metai reik\u0161mingi TAU Teis\u0117s fakulteto klausytojams. Fakultet\u0105 baig\u0117 pirmoji absolvent\u0173 laida. 5-erius metus \u0161iuos \u017emones jung\u0117 bendri interesai, potyriai, bendrai praleistas laikas. Nor\u0117josi gra\u017ei\u0105 bendryst\u0119 t\u0119sti toliau. Dekan\u0117 Birut\u0117 \u0160tuikien\u0117 pasi\u016bl\u0117 \u012fkurti ALUMNI klub\u0105.<br>2011 m.baland\u017eio 19 d.vykusioje i\u0161kilmingoje Teis\u0117s fakulteto mokslo met\u0173 u\u017ebaigimo \u0161vent\u0117je \u0161viesaus atminimo absolventas technikos moksl\u0173 dr. G.A.Virakas absolvent\u0173 vardu klausytojams paskelb\u0117 (i\u0161trauka):<br>\u201e&#8230;.\u0160iandien vis\u0173 klausytoj\u0173 ir sve\u010di\u0173 akivaizdoje i\u0161kilmingai parei\u0161kiame:<br>1. Ir toliau norime bendrauti su \u0161io garbingo fakulteto bendruomene.<br>2. Puosel\u0117sime esamas ir kursime naujas fakulteto tradicijas.<br>3. Skleisime teisin\u0119 mint\u012f visuomen\u0117je.<br>4. Puosel\u0117sime mokymosi vis\u0105 gyvenim\u0105 tradicij\u0105.\u201c<br>Po parei\u0161kimu pasira\u0161\u0117 absolventai G.Kalinauskien\u0117 ir G.A.Virakas. Parei\u0161kime i\u0161sakytoms mintims pritar\u0117 visi i\u0161kilmingo susirinkimo dalyviai.<br>O jau rugs\u0117j\u012f susirink\u0119, visi 15-a absolvent\u0173 \u012fk\u016br\u0117 ALUMNI klub\u0105, i\u0161sirinko valdyb\u0105: dr.Gintautas Antanas Virakas &#8211; pirmininkas, Violeta Kupr\u0117nien\u0117 &#8211; pavaduotoja, Gra\u017eina Kalinauskien\u0117 &#8211; sekretor\u0117, Genovait\u0117 Kateivien\u0117 &#8211; i\u017edinink\u0117. Buvo numatyta, kas organizuos kult\u016brin\u0119 veikl\u0105, kas palaikys ry\u0161ius su Teis\u0117s fakultetu, TAU universitetu, MRU Vie\u0161ojo saugumo fakulteto (dabar akademija) studentais, kas ra\u0161ys metra\u0161t\u012f.<br>\u201e2011.12.02 VDU Teis\u0117s fakulteto pos\u0117d\u017ei\u0173 sal\u0117je \u012fvyko antrasis klubo pos\u0117dis &#8211; pasidalijome mintimis, k\u0105 ir kaip veiksime. I\u0161siskirst\u0117me smag\u016bs &#8211; noras bendrauti, veikti buvo didelis\u201c &#8211; prisimena klubo nar\u0117 iki \u0161iol garbioji Eugenija Kulikauskien\u0117.<br>Kai k\u0105 ir nuveik\u0117me &#8211; buvome maloniai priimti Muzikiniame teatre, susipa\u017einome su teatro gyvenimu, kuris vyksta kitoje rampos pus\u0117je, dalyvavome susitikime \u2013 koncerte M.K.\u010ciurlionio galerijoje. Nepamir\u0161ome ir teis\u0117s &#8211; dalyvavome susitikime Auk\u0161\u010diausiajame teisme, klaus\u0117m\u0117s kai kuri\u0173 teis\u0117s paskait\u0173.<br>\u0160v. Kal\u0117d\u0173 proga alumn\u0117 L.Rimkut\u0117 sukomponavo labai gra\u017ei\u0105 puok\u0161t\u0119, kuri\u0105 padovanojo MRU VSA Bendruomenei. Pavaduotoja V.Kupr\u0117nien\u0117 pasak\u0117 prasming\u0105 kal\u0117din\u0119 kalb\u0105 klausytojams, \u012fteik\u0117me dovan\u0117les \u0161ventinio koncerto dalyv\u0117ms.<br>Baig\u0117si 2011-ieji metai. Tai buvo ALUMNI klubo k\u016brimosi laikotarpis, veiklos kryp\u010di\u0173 ie\u0161kojimas.<br>ALUMNI klubo nariai tapo vienmin\u010diai, kuriuos jungia bendra veikla, pana\u0161ios id\u0117jos. O \u0161iam klubui priklausan\u010di\u0173 \u017emoni\u0173 gyvenimas tapo \u012fdomesnis, \u012fvairesnis, turtingesnis patirtimis.<br>&nbsp;<br>ALUMNI klubo pirminink\u0117 Vida Gavril\u010dikien\u0117<\/p>\n","protected":false},"excerpt":{"rendered":"<p>2021-05-04 2018-2020 metais klube jau 30-mt nari\u0173. \u0160iuo ra\u0161iniu baigiu pasakojim\u0105 apie klubo 10-ties met\u0173 nueit\u0105 keli\u0105. Visi ra\u0161iniai paremti klubo metra\u0161\u010diu, a\u0161 tik atpasakojau. Jei virusas nesutrukdys, jubiliej\u0173 pa\u017eym\u0117sime ruden\u012f u\u017e didelio bendro stalo. 2018-ieji metai Alumni klubui prasideda d\u017eiugiai-atsirado galimyb\u0117 pastoviai rinktis istoriniuose Adel\u0117s ir Pauliaus Galauni\u0173 namuose &#8211; muziejuje. Nuostabi namo &#8211; &hellip;<\/p>\n<p class=\"read-more\"> <a class=\"\" href=\"https:\/\/kaunastau.lt\/index.php\/2021\/02\/02\/alumni-desimtmeciui-artejant\/\"> <span class=\"screen-reader-text\">ALUMNI  klubo de\u0161imtme\u010diui art\u0117jant<\/span> Skaityti daugiau &raquo;<\/a><\/p>\n","protected":false},"author":6,"featured_media":0,"comment_status":"closed","ping_status":"closed","sticky":false,"template":"","format":"standard","meta":{"_jetpack_memberships_contains_paid_content":false,"footnotes":""},"categories":[1],"tags":[],"class_list":["post-822","post","type-post","status-publish","format-standard","hentry","category-uncategorized"],"jetpack_featured_media_url":"","jetpack_sharing_enabled":true,"_links":{"self":[{"href":"https:\/\/kaunastau.lt\/index.php\/wp-json\/wp\/v2\/posts\/822","targetHints":{"allow":["GET"]}}],"collection":[{"href":"https:\/\/kaunastau.lt\/index.php\/wp-json\/wp\/v2\/posts"}],"about":[{"href":"https:\/\/kaunastau.lt\/index.php\/wp-json\/wp\/v2\/types\/post"}],"author":[{"embeddable":true,"href":"https:\/\/kaunastau.lt\/index.php\/wp-json\/wp\/v2\/users\/6"}],"replies":[{"embeddable":true,"href":"https:\/\/kaunastau.lt\/index.php\/wp-json\/wp\/v2\/comments?post=822"}],"version-history":[{"count":21,"href":"https:\/\/kaunastau.lt\/index.php\/wp-json\/wp\/v2\/posts\/822\/revisions"}],"predecessor-version":[{"id":1257,"href":"https:\/\/kaunastau.lt\/index.php\/wp-json\/wp\/v2\/posts\/822\/revisions\/1257"}],"wp:attachment":[{"href":"https:\/\/kaunastau.lt\/index.php\/wp-json\/wp\/v2\/media?parent=822"}],"wp:term":[{"taxonomy":"category","embeddable":true,"href":"https:\/\/kaunastau.lt\/index.php\/wp-json\/wp\/v2\/categories?post=822"},{"taxonomy":"post_tag","embeddable":true,"href":"https:\/\/kaunastau.lt\/index.php\/wp-json\/wp\/v2\/tags?post=822"}],"curies":[{"name":"wp","href":"https:\/\/api.w.org\/{rel}","templated":true}]}}